{"id":5583,"date":"2025-02-24T11:45:35","date_gmt":"2025-02-24T10:45:35","guid":{"rendered":"https:\/\/www.optimum-automotive.com\/?p=5583"},"modified":"2025-02-24T11:54:17","modified_gmt":"2025-02-24T10:54:17","slug":"fiscalite-flottes-automobiles-2025-reformes-taxes-bonus-malus","status":"publish","type":"post","link":"https:\/\/bu.optimum-automotive.com\/pt\/tributacao-frotas-de-automoveis-2025-reformas-fiscais-bonus-malus\/","title":{"rendered":"Tributa\u00e7\u00e3o das frotas de autom\u00f3veis em 2025: uma grande reviravolta para as empresas"},"content":{"rendered":"<div class=\"wp-block-image\">\n<figure class=\"alignright size-full is-resized\"><img loading=\"lazy\" decoding=\"async\" width=\"600\" height=\"600\" src=\"https:\/\/bu.optimum-automotive.com\/wp-content\/uploads\/2025\/02\/plf2025-adobestock_796751625-10-10-24.jpeg\" alt=\"\" class=\"wp-image-5595\" style=\"width:203px;height:auto\" srcset=\"https:\/\/bu.optimum-automotive.com\/wp-content\/uploads\/2025\/02\/plf2025-adobestock_796751625-10-10-24.jpeg 600w, https:\/\/bu.optimum-automotive.com\/wp-content\/uploads\/2025\/02\/plf2025-adobestock_796751625-10-10-24-300x300.jpeg 300w, https:\/\/bu.optimum-automotive.com\/wp-content\/uploads\/2025\/02\/plf2025-adobestock_796751625-10-10-24-150x150.jpeg 150w, https:\/\/bu.optimum-automotive.com\/wp-content\/uploads\/2025\/02\/plf2025-adobestock_796751625-10-10-24-12x12.jpeg 12w\" sizes=\"auto, (max-width: 600px) 100vw, 600px\" \/><\/figure><\/div>\n\n\n<p>No dia 6 de fevereiro deste ano, foram aprovados o Projeto de Lei de Finan\u00e7as (PLF) e o Projeto de Lei de Financiamento da Seguran\u00e7a Social (PLFSS) 2025. A sua publica\u00e7\u00e3o iminente no Jornal Oficial oficial oficializar\u00e1 a nova tributa\u00e7\u00e3o das frotas autom\u00f3veis em 2025, com altera\u00e7\u00f5es importantes que ter\u00e3o um impacto direto sobre <strong>gestores de frotas autom\u00f3veis<\/strong>.<\/p>\n\n\n\n<h2 class=\"wp-block-heading\"><strong>Regras fiscais restritivas para a mobilidade das empresas<\/strong><\/h2>\n\n\n\n<p>As reformas fiscais v\u00e3o alterar radicalmente a forma como as empresas s\u00e3o tributadas no sector autom\u00f3vel. Aumentar\u00e3o os impostos sobre os ve\u00edculos poluentes e reduzir\u00e3o o apoio \u00e0 transi\u00e7\u00e3o energ\u00e9tica. A supress\u00e3o do pr\u00e9mio de convers\u00e3o e a redu\u00e7\u00e3o significativa do pr\u00e9mio ecol\u00f3gico dificultar\u00e3o a ado\u00e7\u00e3o de ve\u00edculos com \"baixas emiss\u00f5es\". Para ultrapassar este per\u00edodo dif\u00edcil, as empresas precisam de ferramentas, nomeadamente para analisar a utiliza\u00e7\u00e3o de cada ve\u00edculo. \u00c9 o que a OPTIMUM oferece, por exemplo, com o seu <strong><a href=\"https:\/\/bu.optimum-automotive.com\/pt\/lp-eletrificacao-dos-veiculos-da-empresa\/\">estudo de eletrifica\u00e7\u00e3o<\/a><\/strong> que identifica os ve\u00edculos \"electrific\u00e1veis\". Isto permite tornar ecol\u00f3gicos os ve\u00edculos cuja utiliza\u00e7\u00e3o \u00e9 compat\u00edvel com um motor el\u00e9trico.<\/p>\n\n\n\n<h2 class=\"wp-block-heading\"><strong>Altera\u00e7\u00f5es \u00e0 TVU e aos impostos de registo<\/strong><\/h2>\n\n\n\n<p>Imposto sobre a utiliza\u00e7\u00e3o de ve\u00edculos (<a href=\"https:\/\/entreprendre.service-public.fr\/vosdroits\/F22203\">TVU<\/a>) sofreu algumas altera\u00e7\u00f5es significativas. A partir de 1 de janeiro de 2025, a isen\u00e7\u00e3o para os ve\u00edculos h\u00edbridos foi suprimida. No entanto, os ve\u00edculos que funcionam com super etanol E85 beneficiam de uma indemniza\u00e7\u00e3o compensat\u00f3ria de 40 % sobre as emiss\u00f5es de CO2 (sob certas condi\u00e7\u00f5es).<\/p>\n\n\n\n<h2 class=\"wp-block-heading\"><strong>Um imposto sobre a ecologiza\u00e7\u00e3o das frotas de mais de 100 ve\u00edculos<\/strong><\/h2>\n\n\n<div class=\"wp-block-image\">\n<figure class=\"alignleft size-full is-resized\"><img loading=\"lazy\" decoding=\"async\" width=\"562\" height=\"771\" src=\"https:\/\/bu.optimum-automotive.com\/wp-content\/uploads\/2025\/02\/carte-grise-1.jpg\" alt=\"\" class=\"wp-image-5597\" style=\"width:169px;height:auto\" srcset=\"https:\/\/bu.optimum-automotive.com\/wp-content\/uploads\/2025\/02\/carte-grise-1.jpg 562w, https:\/\/bu.optimum-automotive.com\/wp-content\/uploads\/2025\/02\/carte-grise-1-219x300.jpg 219w, https:\/\/bu.optimum-automotive.com\/wp-content\/uploads\/2025\/02\/carte-grise-1-9x12.jpg 9w\" sizes=\"auto, (max-width: 562px) 100vw, 562px\" \/><\/figure><\/div>\n\n\n<p class=\"has-text-align-left\">Ao mesmo tempo, o imposto de registo regional aumentou em quase todas as regi\u00f5es de Fran\u00e7a. Al\u00e9m disso, a isen\u00e7\u00e3o do imposto de registo para os ve\u00edculos \"limpos\" foi suprimida, com exce\u00e7\u00e3o da regi\u00e3o de Hauts-de-France, que mant\u00e9m uma redu\u00e7\u00e3o de 50 %.<\/p>\n\n\n\n<p>Al\u00e9m disso, para acelerar a eletrifica\u00e7\u00e3o das frotas de autom\u00f3veis, o governo est\u00e1 a introduzir um novo imposto destinado \u00e0s empresas com mais de 100 ve\u00edculos. A partir de 1 de mar\u00e7o de 2025, estas empresas ter\u00e3o de pagar uma multa de 2 000 euros por cada ve\u00edculo com baixas emiss\u00f5es em falta. Este imposto aumentar\u00e1 para 4 000 euros em 2026 e para 5 000 euros em 2027. No entanto, algumas categorias est\u00e3o isentas desta medida: as frotas de aluguer, os ve\u00edculos agr\u00edcolas, os transportes p\u00fablicos e as escolas de condu\u00e7\u00e3o.<\/p>\n\n\n\n<h2 class=\"wp-block-heading\"><strong>Refor\u00e7o da san\u00e7\u00e3o ecol\u00f3gica <\/strong><\/h2>\n\n\n\n<p>Uma das altera\u00e7\u00f5es mais significativas \u00e9 o refor\u00e7o da<a href=\"https:\/\/www.economie.gouv.fr\/cedef\/malus-vehicules-polluants\"> malus ecol\u00f3gico<\/a>acompanhada de uma redu\u00e7\u00e3o significativa do b\u00f3nus. A partir de 1 de mar\u00e7o de 2025 :<\/p>\n\n\n\n<ul class=\"wp-block-list\">\n<li>O limiar de aplica\u00e7\u00e3o da san\u00e7\u00e3o de CO2 ser\u00e1 reduzido de 118 g\/km para 113 g\/km<\/li>\n\n\n\n<li>O limite m\u00e1ximo do malus aumentar\u00e1 gradualmente de 70 000 euros em 2025 para 90 000 euros em 2027 (em compara\u00e7\u00e3o com os actuais 60 000 euros).<\/li>\n<\/ul>\n\n\n\n<p>Os ve\u00edculos h\u00edbridos perder\u00e3o gradualmente a sua toler\u00e2ncia de peso e os ve\u00edculos el\u00e9ctricos ser\u00e3o igualmente afectados a partir de 1 de julho de 2026. No entanto, ser\u00e1 aplicada uma indemniza\u00e7\u00e3o de 600 kg \u00e0 sua massa em ordem de marcha.<\/p>\n\n\n\n<h2 class=\"wp-block-heading\"><strong>Redu\u00e7\u00e3o do b\u00f3nus ecol\u00f3gico<\/strong><\/h2>\n\n\n\n<p>Ao mesmo tempo, o b\u00f3nus ecol\u00f3gico ser\u00e1 severamente restringido. Atualmente exclu\u00eddo para as frotas, ser\u00e1 limitado a um or\u00e7amento de 690 milh\u00f5es de euros para os particulares em 2025. Assim, em fun\u00e7\u00e3o do rendimento do agregado familiar, a ajuda variar\u00e1 entre 2.000 e 4.000 euros. De acordo com o Governo, esta medida permitir\u00e1 a aquisi\u00e7\u00e3o de cerca de 200 000 ve\u00edculos el\u00e9ctricos ao longo do ano. No entanto, as carrinhas el\u00e9ctricas ou a hidrog\u00e9nio j\u00e1 n\u00e3o s\u00e3o eleg\u00edveis para este regime.<\/p>\n\n\n\n<h2 class=\"wp-block-heading\"><strong>Promover o Pacote de Mobilidade Sustent\u00e1vel (FMD) para uma mobilidade mais ecol\u00f3gica<\/strong><\/h2>\n\n\n\n<figure class=\"wp-block-image size-full is-resized\"><img loading=\"lazy\" decoding=\"async\" width=\"1024\" height=\"644\" src=\"https:\/\/bu.optimum-automotive.com\/wp-content\/uploads\/2025\/02\/arton8515.jpg\" alt=\"\" class=\"wp-image-5598\" style=\"width:837px;height:auto\" srcset=\"https:\/\/bu.optimum-automotive.com\/wp-content\/uploads\/2025\/02\/arton8515.jpg 1024w, https:\/\/bu.optimum-automotive.com\/wp-content\/uploads\/2025\/02\/arton8515-300x189.jpg 300w, https:\/\/bu.optimum-automotive.com\/wp-content\/uploads\/2025\/02\/arton8515-768x483.jpg 768w, https:\/\/bu.optimum-automotive.com\/wp-content\/uploads\/2025\/02\/arton8515-18x12.jpg 18w\" sizes=\"auto, (max-width: 1024px) 100vw, 1024px\" \/><\/figure>\n\n\n\n<p class=\"has-text-align-left\">Le <a href=\"https:\/\/www.ecologie.gouv.fr\/politiques-publiques\/faq-forfait-mobilites-durables-fmd\">FEBRE AFTOSA<\/a> \u00e9 uma solu\u00e7\u00e3o fundamental para incentivar a utiliza\u00e7\u00e3o de modos de transporte alternativos. Permite que os empregadores paguem as despesas de desloca\u00e7\u00e3o dos seus empregados quando estes optam por um transporte mais ecol\u00f3gico para e do trabalho. A partir de 1 de janeiro de 2025, o FMD passa a incluir a partilha de autom\u00f3vel, incluindo com um membro da fam\u00edlia. Os montantes pagos continuam isentos de contribui\u00e7\u00f5es para a seguran\u00e7a social e de CSG-CRDS at\u00e9 600 euros\/ano.<\/p>\n\n\n\n<p class=\"has-text-align-left\">Mais do que a simples substitui\u00e7\u00e3o de ve\u00edculos de combust\u00e3o interna por ve\u00edculos el\u00e9ctricos, a ecologiza\u00e7\u00e3o das frotas inclui agora solu\u00e7\u00f5es sustent\u00e1veis como a partilha de autom\u00f3veis. Adotar o FMD significa investir numa mobilidade mais respons\u00e1vel e optimizada para as empresas e os seus colaboradores.<\/p>\n\n\n\n<h2 class=\"wp-block-heading\"><strong>Conclus\u00e3o: uma fiscalidade mais restritiva, um desafio para as empresas<\/strong><\/h2>\n\n\n\n<p>As novas medidas fiscais para 2025 ir\u00e3o transformar a forma como as frotas autom\u00f3veis s\u00e3o geridas. Aumentam os impostos e reduzem o apoio \u00e0 eletrifica\u00e7\u00e3o. Al\u00e9m disso, imp\u00f5em san\u00e7\u00f5es \u00e0s empresas que se atrasem.<\/p>\n\n\n\n<p>As empresas precisam de gerir as suas frotas como uma quest\u00e3o estrat\u00e9gica. T\u00eam de antecipar estas mudan\u00e7as e adaptar a sua pol\u00edtica de mobilidade. Isto permitir-lhes-\u00e1 manterem-se competitivas e em conformidade com a regulamenta\u00e7\u00e3o.<\/p>\n\n\n\n<p>A transi\u00e7\u00e3o energ\u00e9tica na ind\u00fastria autom\u00f3vel continua, mas os incentivos financeiros est\u00e3o a diminuir. As empresas precisam de otimizar a sua escolha de ve\u00edculos para limitar o impacto fiscal. Precisam tamb\u00e9m de manter uma mobilidade sustent\u00e1vel.<\/p>\n\n\n\n<p><\/p>","protected":false},"excerpt":{"rendered":"<p>As novas reformas fiscais ir\u00e3o alterar radicalmente a forma como as empresas pagam o imposto autom\u00f3vel a partir de 2025. Os ve\u00edculos considerados poluentes ser\u00e3o objeto de uma tributa\u00e7\u00e3o mais pesada, enquanto o apoio \u00e0 transi\u00e7\u00e3o energ\u00e9tica ser\u00e1 reduzido.<\/p>","protected":false},"author":2,"featured_media":5603,"comment_status":"closed","ping_status":"closed","sticky":false,"template":"","format":"standard","meta":{"_coblocks_attr":"","_coblocks_dimensions":"","_coblocks_responsive_height":"","_coblocks_accordion_ie_support":"","_uag_custom_page_level_css":"","footnotes":""},"categories":[13],"tags":[],"class_list":["post-5583","post","type-post","status-publish","format-standard","has-post-thumbnail","hentry","category-gestion-de-flotte"],"uagb_featured_image_src":{"full":["https:\/\/bu.optimum-automotive.com\/wp-content\/uploads\/2025\/02\/pour-article-FRANCK.jpg",800,374,false],"thumbnail":["https:\/\/bu.optimum-automotive.com\/wp-content\/uploads\/2025\/02\/pour-article-FRANCK-150x150.jpg",150,150,true],"medium":["https:\/\/bu.optimum-automotive.com\/wp-content\/uploads\/2025\/02\/pour-article-FRANCK-300x140.jpg",300,140,true],"medium_large":["https:\/\/bu.optimum-automotive.com\/wp-content\/uploads\/2025\/02\/pour-article-FRANCK-768x359.jpg",768,359,true],"large":["https:\/\/bu.optimum-automotive.com\/wp-content\/uploads\/2025\/02\/pour-article-FRANCK.jpg",800,374,false],"1536x1536":["https:\/\/bu.optimum-automotive.com\/wp-content\/uploads\/2025\/02\/pour-article-FRANCK.jpg",800,374,false],"2048x2048":["https:\/\/bu.optimum-automotive.com\/wp-content\/uploads\/2025\/02\/pour-article-FRANCK.jpg",800,374,false],"trp-custom-language-flag":["https:\/\/bu.optimum-automotive.com\/wp-content\/uploads\/2025\/02\/pour-article-FRANCK-18x8.jpg",18,8,true]},"uagb_author_info":{"display_name":"f.gaultier@optimum-automotive.com","author_link":"https:\/\/bu.optimum-automotive.com\/pt\/author\/f-gaultieroptimum-automotive-com\/"},"uagb_comment_info":0,"uagb_excerpt":"Les nouvelles r\u00e9formes fiscales vont modifier en profondeur la fiscalit\u00e9 automobile des entreprises d\u00e8s 2025. Les v\u00e9hicules jug\u00e9s polluants seront davantage tax\u00e9s, tandis que les aides \u00e0 la transition \u00e9nerg\u00e9tique seront r\u00e9duites.","_links":{"self":[{"href":"https:\/\/bu.optimum-automotive.com\/pt\/wp-json\/wp\/v2\/posts\/5583","targetHints":{"allow":["GET"]}}],"collection":[{"href":"https:\/\/bu.optimum-automotive.com\/pt\/wp-json\/wp\/v2\/posts"}],"about":[{"href":"https:\/\/bu.optimum-automotive.com\/pt\/wp-json\/wp\/v2\/types\/post"}],"author":[{"embeddable":true,"href":"https:\/\/bu.optimum-automotive.com\/pt\/wp-json\/wp\/v2\/users\/2"}],"replies":[{"embeddable":true,"href":"https:\/\/bu.optimum-automotive.com\/pt\/wp-json\/wp\/v2\/comments?post=5583"}],"version-history":[{"count":21,"href":"https:\/\/bu.optimum-automotive.com\/pt\/wp-json\/wp\/v2\/posts\/5583\/revisions"}],"predecessor-version":[{"id":5611,"href":"https:\/\/bu.optimum-automotive.com\/pt\/wp-json\/wp\/v2\/posts\/5583\/revisions\/5611"}],"wp:featuredmedia":[{"embeddable":true,"href":"https:\/\/bu.optimum-automotive.com\/pt\/wp-json\/wp\/v2\/media\/5603"}],"wp:attachment":[{"href":"https:\/\/bu.optimum-automotive.com\/pt\/wp-json\/wp\/v2\/media?parent=5583"}],"wp:term":[{"taxonomy":"category","embeddable":true,"href":"https:\/\/bu.optimum-automotive.com\/pt\/wp-json\/wp\/v2\/categories?post=5583"},{"taxonomy":"post_tag","embeddable":true,"href":"https:\/\/bu.optimum-automotive.com\/pt\/wp-json\/wp\/v2\/tags?post=5583"}],"curies":[{"name":"wp","href":"https:\/\/api.w.org\/{rel}","templated":true}]}}