{"id":5612,"date":"2025-02-19T10:55:17","date_gmt":"2025-02-19T09:55:17","guid":{"rendered":"https:\/\/www.optimum-automotive.com\/?p=5612"},"modified":"2025-02-19T10:55:19","modified_gmt":"2025-02-19T09:55:19","slug":"ortec-optimise-la-gestion-de-sa-flotte-en-afrique-avec-optimum","status":"publish","type":"post","link":"https:\/\/bu.optimum-automotive.com\/pt\/a-ortec-optimiza-a-gestao-de-frotas-em-africa-com-a-optimum\/","title":{"rendered":"HIST\u00d3RIA DE SUCESSO: O Grupo ORTEC escolhe a OPTIMUM para otimizar a gest\u00e3o dos seus equipamentos em \u00c1frica!"},"content":{"rendered":"<figure class=\"wp-block-image size-full\"><img loading=\"lazy\" decoding=\"async\" width=\"941\" height=\"504\" src=\"https:\/\/bu.optimum-automotive.com\/wp-content\/uploads\/2025\/02\/2025-02-14_17h21_57.png\" alt=\"\" class=\"wp-image-5613\" srcset=\"https:\/\/bu.optimum-automotive.com\/wp-content\/uploads\/2025\/02\/2025-02-14_17h21_57.png 941w, https:\/\/bu.optimum-automotive.com\/wp-content\/uploads\/2025\/02\/2025-02-14_17h21_57-300x161.png 300w, https:\/\/bu.optimum-automotive.com\/wp-content\/uploads\/2025\/02\/2025-02-14_17h21_57-768x411.png 768w, https:\/\/bu.optimum-automotive.com\/wp-content\/uploads\/2025\/02\/2025-02-14_17h21_57-18x10.png 18w\" sizes=\"auto, (max-width: 941px) 100vw, 941px\" \/><\/figure>\n\n\n\n<p>Comunicado de imprensa | 18 de fevereiro de 2025<\/p>\n\n\n\n<h2 class=\"wp-block-heading\">Gest\u00e3o de frotas: um desafio estrat\u00e9gico para o Grupo ORTEC<\/h2>\n\n\n\n<p>L\u00edder mundial em solu\u00e7\u00f5es de engenharia e constru\u00e7\u00e3o, <strong>GRUPO ORTEC<\/strong> selecionou o <strong>OPTIMUM<\/strong> para gerir a sua frota de ve\u00edculos, m\u00e1quinas e equipamentos industriais. <strong>Uma op\u00e7\u00e3o estrat\u00e9gica destinada a refor\u00e7ar o desempenho operacional e a sustentabilidade das suas actividades em \u00c1frica.<\/strong><\/p>\n\n\n\n<p>H\u00e1 mais de 30 anos, <strong>GRUPO ORTEC<\/strong> opera em sectores de ponta como o petr\u00f3leo e o g\u00e1s, o nuclear, a defesa, os transportes, a aeron\u00e1utica, o aeroespacial, a ind\u00fastria pesada e o sector dos servi\u00e7os. Presente em <strong>28 pa\u00edses em 4 continentes<\/strong>O Grupo est\u00e1 a registar um crescimento din\u00e2mico, nomeadamente em \u00c1frica, onde est\u00e1 a implantar os seus servi\u00e7os em <strong>12 pa\u00edses atrav\u00e9s de 24 filiais<\/strong>.<br>Todos os anos, <strong>O GRUPO ORTEC investe entre 15 e 20 milh\u00f5es de euros em \u00c1frica<\/strong> para modernizar o seu equipamento. Gest\u00e3o efectiva de <strong>1.700 m\u00e1quinas principais em servi\u00e7o<\/strong> (ve\u00edculos ligeiros, ve\u00edculos pesados, geradores, empilhadores, plataformas a\u00e9reas, compressores, etc.) \u00e9 um desafio estrat\u00e9gico importante. Para responder a este desafio, a empresa optou por <strong>OPTIMUM<\/strong>uma solu\u00e7\u00e3o inovadora que responde perfeitamente \u00e0s suas necessidades.<\/p>\n\n\n\n<h2 class=\"wp-block-heading\"><strong>Uma solu\u00e7\u00e3o de alto desempenho adaptada \u00e0s necessidades de<\/strong>Grupo ORTEC<\/h2>\n\n\n\n<p>\"Houve uma s\u00e9rie de crit\u00e9rios que motivaram a nossa escolha\", explica <strong>Wilfried BONNET, Diretor, Parque de Equipamentos de \u00c1frica<\/strong>. \"A presen\u00e7a da OPTIMUM no continente africano garante-nos uma proximidade essencial com as nossas ag\u00eancias locais. Para al\u00e9m disso, a plataforma oferece funcionalidades avan\u00e7adas que se adaptam perfeitamente \u00e0s nossas necessidades.<br>Outra vantagem decisiva: a compatibilidade com o <strong>HIBOO<\/strong>que o GRUPO ORTEC j\u00e1 utiliza para centralizar e analisar os seus dados. \"Os conectores j\u00e1 estavam instalados, o que facilitou a integra\u00e7\u00e3o da solu\u00e7\u00e3o nas nossas ferramentas existentes\", sublinha <strong>Karim KERROUZI, Adjunto do Gestor da Frota de Equipamento em \u00c1frica<\/strong>.<\/p>\n\n\n\n<h2 class=\"wp-block-heading\"><strong>Implementa\u00e7\u00e3o ambiciosa para uma frota conectada e optimizada<\/strong><\/h2>\n\n\n\n<p><strong>At\u00e9 \u00e0 data, 59% de equipamentos j\u00e1 est\u00e3o ligados<\/strong>com o objetivo de alcan\u00e7ar <strong>100% at\u00e9 2026.<\/strong> A ado\u00e7\u00e3o da solu\u00e7\u00e3o OPTIMUM baseia-se em <strong>quatro grandes desafios<\/strong> :<br><br>\u2705 <strong>Localiza\u00e7\u00e3o em tempo real :<\/strong> Em alguns pa\u00edses, o equipamento \u00e9 operado a v\u00e1rias centenas de quil\u00f3metros das bases operacionais. Saber exatamente onde se encontram \u00e9 essencial para uma gest\u00e3o eficiente.<br>\u2705 <strong>Garantir os activos :<\/strong> Os equipamentos representam um investimento financeiro e estrat\u00e9gico. Gra\u00e7as ao OPTIMUM, o GRUPO ORTEC pode assegurar a sua prote\u00e7\u00e3o atrav\u00e9s de uma monitoriza\u00e7\u00e3o precisa e de uma imobiliza\u00e7\u00e3o remota, se necess\u00e1rio.<br>\u2705 <strong>Otimiza\u00e7\u00e3o das opera\u00e7\u00f5es<\/strong> Atrav\u00e9s da an\u00e1lise dos tempos de funcionamento, o Grupo garante uma utiliza\u00e7\u00e3o racional dos recursos. \"Podemos reafectar equipamentos subutilizados e otimizar os nossos investimentos\", afirma Wilfried Bonnet com satisfa\u00e7\u00e3o.<br>\u2705 <strong>Reduzir a pegada ambiental :<\/strong> As an\u00e1lises revelaram, por exemplo, que alguns cami\u00f5es estavam ao ralenti 50% do tempo, o que resultava num consumo excessivo de combust\u00edvel e em emiss\u00f5es poluentes desnecess\u00e1rias. A otimiza\u00e7\u00e3o da frota n\u00e3o s\u00f3 prolonga a vida \u00fatil do equipamento, como tamb\u00e9m reduz o seu impacto ambiental.<\/p>\n\n\n\n<p><\/p>\n\n\n\n<h2 class=\"wp-block-heading\"><mark style=\"background-color:rgba(0, 0, 0, 0)\" class=\"has-inline-color has-blue-color\">Objectivos claros e ambiciosos<\/mark><\/h2>\n\n\n\n<p><\/p>\n\n\n\n<blockquote class=\"wp-block-quote is-layout-flow wp-block-quote-is-layout-flow\">\n<blockquote class=\"wp-block-quote is-layout-flow wp-block-quote-is-layout-flow\">\n<blockquote class=\"wp-block-quote is-layout-flow wp-block-quote-is-layout-flow\">\n<p>\"Estamos muito satisfeitos por trabalhar com a OPTIMUM\", dizem em un\u00edssono <strong>Karim KERROUZZI e Wilfried BONNET<\/strong>.<\/p>\n\n\n\n<p>\"Os nossos objectivos s\u00e3o concretos, realistas e realiz\u00e1veis: <strong>aumentar a taxa de utiliza\u00e7\u00e3o do equipamento 6%<\/strong> e <strong>reduzir o consumo de combust\u00edvel em 8%<\/strong>&nbsp;\". Gra\u00e7as a esta colabora\u00e7\u00e3o estrat\u00e9gica, <strong>O GRUPO ORTEC afirma o seu empenho numa gest\u00e3o mais eficiente e respons\u00e1vel dos seus equipamentos em \u00c1frica.<\/strong><br><br>\"O sucesso desta implementa\u00e7\u00e3o baseia-se na estreita colabora\u00e7\u00e3o entre as nossas equipas, garantindo uma implanta\u00e7\u00e3o eficaz em cada pa\u00eds. Gra\u00e7as \u00e0 plataforma OPTIMUM, o GRUPO ORTEC beneficia de uma gest\u00e3o optimizada dos seus recursos em termos operacionais, financeiros e ambientais. Estamos orgulhosos de apoiar o GRUPO ORTEC nesta ambiciosa abordagem\", conclui Lilia MARINER, Diretora de Parcerias da OPTIMUM.<\/p>\n\n\n\n<p><br><br><\/p>\n\n\n\n<p><\/p>\n<\/blockquote>\n<\/blockquote>\n<\/blockquote>\n\n\n\n<p><\/p>","protected":false},"excerpt":{"rendered":"<p>O GRUPO ORTEC, l\u00edder em engenharia e obras, est\u00e1 a adotar a plataforma OPTIMUM para otimizar a gest\u00e3o da sua frota de equipamentos em \u00c1frica. Ativo nos sectores do petr\u00f3leo e g\u00e1s, nuclear, defesa e outros sectores estrat\u00e9gicos, o grupo opera em 28 pa\u00edses, dos quais 12 em \u00c1frica, com 24 filiais. Todos os anos, investe 15 a 20 milh\u00f5es de euros na moderniza\u00e7\u00e3o dos seus equipamentos. A gest\u00e3o eficiente de 1700 equipamentos importantes \u00e9 essencial, pelo que o ORTEC GROUP aposta no OPTIMUM para aumentar o desempenho e a sustentabilidade.<\/p>","protected":false},"author":2,"featured_media":5613,"comment_status":"closed","ping_status":"closed","sticky":false,"template":"","format":"standard","meta":{"_coblocks_attr":"","_coblocks_dimensions":"","_coblocks_responsive_height":"","_coblocks_accordion_ie_support":"","_uag_custom_page_level_css":"","footnotes":""},"categories":[4],"tags":[34],"class_list":["post-5612","post","type-post","status-publish","format-standard","has-post-thumbnail","hentry","category-actualites","tag-presse"],"uagb_featured_image_src":{"full":["https:\/\/bu.optimum-automotive.com\/wp-content\/uploads\/2025\/02\/2025-02-14_17h21_57.png",941,504,false],"thumbnail":["https:\/\/bu.optimum-automotive.com\/wp-content\/uploads\/2025\/02\/2025-02-14_17h21_57-150x150.png",150,150,true],"medium":["https:\/\/bu.optimum-automotive.com\/wp-content\/uploads\/2025\/02\/2025-02-14_17h21_57-300x161.png",300,161,true],"medium_large":["https:\/\/bu.optimum-automotive.com\/wp-content\/uploads\/2025\/02\/2025-02-14_17h21_57-768x411.png",768,411,true],"large":["https:\/\/bu.optimum-automotive.com\/wp-content\/uploads\/2025\/02\/2025-02-14_17h21_57.png",941,504,false],"1536x1536":["https:\/\/bu.optimum-automotive.com\/wp-content\/uploads\/2025\/02\/2025-02-14_17h21_57.png",941,504,false],"2048x2048":["https:\/\/bu.optimum-automotive.com\/wp-content\/uploads\/2025\/02\/2025-02-14_17h21_57.png",941,504,false],"trp-custom-language-flag":["https:\/\/bu.optimum-automotive.com\/wp-content\/uploads\/2025\/02\/2025-02-14_17h21_57-18x10.png",18,10,true]},"uagb_author_info":{"display_name":"f.gaultier@optimum-automotive.com","author_link":"https:\/\/bu.optimum-automotive.com\/pt\/author\/f-gaultieroptimum-automotive-com\/"},"uagb_comment_info":0,"uagb_excerpt":"ORTEC GROUP, leader en ing\u00e9nierie et travaux, adopte la plateforme OPTIMUM pour optimiser la gestion de sa flotte d\u2019\u00e9quipements en Afrique. Actif dans l\u2019 Oil&Gas, le nucl\u00e9aire, la d\u00e9fense et d\u2019autres secteurs strat\u00e9giques, le groupe op\u00e8re dans 28 pays, dont 12 en Afrique avec 24 filiales. Chaque ann\u00e9e, il investit 15 \u00e0 20 millions d\u2019euros&hellip;","_links":{"self":[{"href":"https:\/\/bu.optimum-automotive.com\/pt\/wp-json\/wp\/v2\/posts\/5612","targetHints":{"allow":["GET"]}}],"collection":[{"href":"https:\/\/bu.optimum-automotive.com\/pt\/wp-json\/wp\/v2\/posts"}],"about":[{"href":"https:\/\/bu.optimum-automotive.com\/pt\/wp-json\/wp\/v2\/types\/post"}],"author":[{"embeddable":true,"href":"https:\/\/bu.optimum-automotive.com\/pt\/wp-json\/wp\/v2\/users\/2"}],"replies":[{"embeddable":true,"href":"https:\/\/bu.optimum-automotive.com\/pt\/wp-json\/wp\/v2\/comments?post=5612"}],"version-history":[{"count":5,"href":"https:\/\/bu.optimum-automotive.com\/pt\/wp-json\/wp\/v2\/posts\/5612\/revisions"}],"predecessor-version":[{"id":5620,"href":"https:\/\/bu.optimum-automotive.com\/pt\/wp-json\/wp\/v2\/posts\/5612\/revisions\/5620"}],"wp:featuredmedia":[{"embeddable":true,"href":"https:\/\/bu.optimum-automotive.com\/pt\/wp-json\/wp\/v2\/media\/5613"}],"wp:attachment":[{"href":"https:\/\/bu.optimum-automotive.com\/pt\/wp-json\/wp\/v2\/media?parent=5612"}],"wp:term":[{"taxonomy":"category","embeddable":true,"href":"https:\/\/bu.optimum-automotive.com\/pt\/wp-json\/wp\/v2\/categories?post=5612"},{"taxonomy":"post_tag","embeddable":true,"href":"https:\/\/bu.optimum-automotive.com\/pt\/wp-json\/wp\/v2\/tags?post=5612"}],"curies":[{"name":"wp","href":"https:\/\/api.w.org\/{rel}","templated":true}]}}