{"id":695,"date":"2019-11-12T15:57:53","date_gmt":"2019-11-12T14:57:53","guid":{"rendered":"http:\/\/127.0.0.1\/GAimport\/2019\/11\/12\/leve-14-me\/"},"modified":"2025-01-22T12:13:41","modified_gmt":"2025-01-22T11:13:41","slug":"leve-14-me","status":"publish","type":"post","link":"https:\/\/bu.optimum-automotive.com\/pt\/nivel-14-me\/","title":{"rendered":"OPTIMUM angaria 14 milh\u00f5es de euros"},"content":{"rendered":"<div class=\"wp-block-image\">\n<figure class=\"aligncenter size-full\"><img loading=\"lazy\" decoding=\"async\" width=\"431\" height=\"252\" src=\"https:\/\/bu.optimum-automotive.com\/wp-content\/uploads\/2024\/06\/01-2.jpg\" alt=\"\" class=\"wp-image-1764\" srcset=\"https:\/\/bu.optimum-automotive.com\/wp-content\/uploads\/2024\/06\/01-2.jpg 431w, https:\/\/bu.optimum-automotive.com\/wp-content\/uploads\/2024\/06\/01-2-300x175.jpg 300w\" sizes=\"auto, (max-width: 431px) 100vw, 431px\" \/><\/figure><\/div>\n\n\n<p><strong>A OPTIMUM OBT\u00c9M 14 MILH\u00d5ES DE EUROS DO PARIS FONDS VERT, DO AMUNDI PRIVATE EQUITY FUNDS E DE ACCIONISTAS FINANCEIROS HIST\u00d3RICOS: REGION SUD INVESTISSEMENT, A+ FINANCE E SCR PROVENCALE ET CORSE (BANQUE POPULAIRE MEDITERRANEE)<\/strong><\/p>\n\n\n\n<p><strong>A OPTIMUM \u00e9 uma empresa l\u00edder na otimiza\u00e7\u00e3o de frotas atrav\u00e9s do processamento inteligente de dados conectados. Anunciou hoje que angariou 14 milh\u00f5es de euros de novos fundos: <\/strong><\/p>\n\n\n\n<ul class=\"wp-block-list\">\n<li><strong>Paris Green Fund, um fundo gerido pela Demeter e apoiado pela cidade de Paris, <\/strong><\/li>\n\n\n\n<li><strong>Amundi Private Equity Funds, e novos investimentos de tr\u00eas acionistas de longa data: o fundo de co-investimento R\u00e9gion Sud Investissement, aconselhado pelo Grupo Turenne para a gest\u00e3o das suas participa\u00e7\u00f5es<\/strong><\/li>\n\n\n\n<li><strong>O fundo Cap D\u00e9veloppement gerido por A+Finance e SCR Proven\u00e7ale et Corse, uma filial do Banque Populaire M\u00e9diterran\u00e9e<\/strong>.<\/li>\n<\/ul>\n\n\n\n<h2 class=\"wp-block-heading\">Um l\u00edder em servi\u00e7os para autom\u00f3veis conectados<\/h2>\n\n\n\n<p>O desenvolvimento de servi\u00e7os conectados est\u00e1 a revolucionar a forma como as empresas gerem as suas frotas de ve\u00edculos. Os gestores de frotas est\u00e3o \u00e0 procura de servi\u00e7os que possam reduzir de forma mensur\u00e1vel os seus custos operacionais. A transi\u00e7\u00e3o para ve\u00edculos el\u00e9ctricos tornou-se uma prioridade. Novas formas de mobilidade, como a partilha de autom\u00f3veis e o car-pooling, est\u00e3o no centro das suas expectativas.<\/p>\n\n\n\n<p>A Optimum foi criada por Daniel Vassallucci em Aix-en-Provence em 2006 para responder a estas necessidades. Criou uma plataforma de recolha e gest\u00e3o de dados em constante atualiza\u00e7\u00e3o. Est\u00e1 ligada a todos os intervenientes do sector autom\u00f3vel (construtores, fornecedores de equipamentos, distribuidores, autoridades p\u00fablicas, fornecedores de servi\u00e7os de frota, etc.). Nesta base, a empresa desenvolveu uma gama completa de servi\u00e7os para os gestores de frotas. Esta inclui a assist\u00eancia, a gest\u00e3o e a otimiza\u00e7\u00e3o da frota, a geolocaliza\u00e7\u00e3o dos ve\u00edculos, o acompanhamento do comportamento dos condutores e o car-sharing\/car-pooling.<\/p>\n\n\n\n<p>Estes servi\u00e7os s\u00e3o oferecidos numa base modular e por subscri\u00e7\u00e3o. A Optimum ajuda os seus clientes a reduzir o seu consumo de energia e de consum\u00edveis e o seu impacto ambiental. Ajuda-os progressivamente a mudar para outras solu\u00e7\u00f5es de transporte (car-sharing\/ve\u00edculos el\u00e9ctricos). Os seus servi\u00e7os permitem redu\u00e7\u00f5es significativas: <\/p>\n\n\n\n<ul class=\"wp-block-list\">\n<li>Emiss\u00f5es de GEE das frotas exploradas (2,7 toneladas eq CO2 \/ve\u00edculo\/ano) <\/li>\n\n\n\n<li>consumo de energia (8,5 MWh\/ve\u00edculo\/ano). <\/li>\n<\/ul>\n\n\n\n<p>O Grupo, que opera em Fran\u00e7a e em \u00c1frica, tem mais de 80.000 ve\u00edculos sob contrato, propriedade de 4.000 empresas e autarquias locais de todas as dimens\u00f5es ou em regime de loca\u00e7\u00e3o financeira. Cerca de 30% destas frotas est\u00e3o situadas na regi\u00e3o parisiense. O Grupo emprega 69 pessoas.<\/p>\n\n\n\n<h2 class=\"wp-block-heading\">Industrializar os servi\u00e7os para os gestores de frotas<\/h2>\n\n\n\n<p>A Optimum anunciou hoje que angariou 14 milh\u00f5es de euros em financiamento. O Paris Fonds Vert, gerido pela Demeter e apoiado pela cidade de Paris, contribui com 8 milh\u00f5es de euros e actua como gestor principal da opera\u00e7\u00e3o. O Amundi Private Equity Funds contribui com 2 milh\u00f5es de euros. Participam igualmente os acionistas financeiros hist\u00f3ricos:<\/p>\n\n\n\n<ul class=\"wp-block-list\">\n<li>SCR Proven\u00e7ale et Corse, uma filial do Banque Populaire M\u00e9diterran\u00e9e, com 0,5 milh\u00f5es de euros<\/li>\n\n\n\n<li>R\u00e9gion Sud Investissement, aconselhado pelo Grupo Turenne, com 2 milh\u00f5es de euros<\/li>\n\n\n\n<li>Cap D\u00e9veloppement, gerido pela A+Finance, com 1,5 milh\u00f5es de euros<\/li>\n\n\n\n<li><\/li>\n<\/ul>\n\n\n\n<p>Os fundos angariados destinam-se principalmente a financiar o Grupo e, em menor medida, a liquidez dos business angels hist\u00f3ricos.<\/p>\n\n\n\n<p>Ap\u00f3s a transa\u00e7\u00e3o, Daniel Vassallucci mant\u00e9m o controlo e a presid\u00eancia da empresa.<\/p>\n\n\n\n<p>A ambi\u00e7\u00e3o da empresa \u00e9 dupla. Pretende continuar a estabelecer-se no mercado franc\u00eas de servi\u00e7os de gest\u00e3o de frotas conectadas, em r\u00e1pido crescimento. A prioridade \u00e9 equipar uma parte crescente das actuais frotas de ve\u00edculos de empresas. Estas liga\u00e7\u00f5es permitir\u00e3o que os ve\u00edculos acedam \u00e0 vasta gama de servi\u00e7os da Optimum. Isto contribuir\u00e1 para otimizar a gest\u00e3o da frota.<\/p>\n\n\n\n<p>A Optimum est\u00e1 tamb\u00e9m a visar novos mercados europeus. O objetivo \u00e9 adaptar os servi\u00e7os \u00e0s necessidades espec\u00edficas de cada mercado. Esta expans\u00e3o ser\u00e1 conseguida principalmente atrav\u00e9s do crescimento externo. A empresa quer tamb\u00e9m refor\u00e7ar a sua presen\u00e7a em \u00c1frica. Presente no continente desde 2015, tem filiais em Marrocos e na Costa do Marfim.<\/p>\n\n\n\n<h2 class=\"wp-block-heading\">Daniel Vassallucci, Presidente e fundador da Optimum, afirmou:<\/h2>\n\n\n\n<p>\"<em> \u00c9 com grande satisfa\u00e7\u00e3o que vejo a Optimum dar este pr\u00f3ximo passo. Esta angaria\u00e7\u00e3o de fundos, realizada com investidores que partilham as nossas ambi\u00e7\u00f5es e os nossos valores, \u00e9 sem d\u00favida o ponto de partida para a constru\u00e7\u00e3o de um grupo franc\u00eas internacional no dom\u00ednio dos servi\u00e7os conectados para frotas de ve\u00edculos. \u00c9, sem d\u00favida, o ponto de partida para a constru\u00e7\u00e3o de um grupo franc\u00eas internacional no dom\u00ednio dos servi\u00e7os conectados para frotas de ve\u00edculos. As nossas ambi\u00e7\u00f5es de crescimento assentam em dois pilares. Em primeiro lugar, queremos aumentar a nossa frota em Fran\u00e7a e no estrangeiro atrav\u00e9s de aquisi\u00e7\u00f5es, de modo a podermos atingir muito rapidamente v\u00e1rias centenas de milhares de ve\u00edculos em funcionamento. Em segundo lugar, estamos a acelerar a implementa\u00e7\u00e3o da nossa estrat\u00e9gia de oferta de servi\u00e7os adicionais de valor acrescentado aos gestores de frotas (consultoria, gest\u00e3o subcontratada, etc.), atrav\u00e9s de parcerias ou aquisi\u00e7\u00f5es. <\/em> \".<\/p>\n\n\n\n<h2 class=\"wp-block-heading\">Lionel Cormier, s\u00f3cio-gerente da Demeter (Paris Fonds Vert) declara:<\/h2>\n\n\n\n<p>\" <em>Estamos muito satisfeitos por acompanhar a Optimum e a sua dire\u00e7\u00e3o no seu crescimento em Fran\u00e7a e no estrangeiro. Estamos convencidos da qualidade tecnol\u00f3gica das solu\u00e7\u00f5es da Optimum e da sua pertin\u00eancia em rela\u00e7\u00e3o \u00e0s necessidades dos gestores de frotas profissionais, cuja prioridade \u00e9, simultaneamente, controlar os seus custos (TCO) e reduzir o seu impacto ambiental. A<\/em>Em<em> Os servi\u00e7os da Optimum funcionam como um acelerador na convers\u00e3o de frotas para a mobilidade verde e, em particular, para ve\u00edculos el\u00e9ctricos. Atrav\u00e9s deste investimento do Fundo Verde de Paris, a Demeter est\u00e1 a contribuir com toda a sua experi\u00eancia e a sua rede para ajudar a desenvolver um campe\u00e3o internacional da mobilidade sustent\u00e1vel.<\/em> \".<\/p>\n\n\n\n<p>Investidores :<\/p>\n\n\n\n<ul class=\"wp-block-list\">\n<li>Dem\u00e9ter : Lionel Cormier, Eric Vincent<\/li>\n\n\n\n<li>Amundi Private Equity Funds: Julien Jaud, Fr\u00e9d\u00e9ric Labia<\/li>\n\n\n\n<li>R\u00e9gion Sud Investissement aconselhado pelo Grupo Turenne: Marie Desportes<\/li>\n\n\n\n<li>A+Finance : Jean-Michel Sibu\u00e9<\/li>\n\n\n\n<li>SCR Proven\u00e7ale &amp; Corse: Sauveur Cascone<\/li>\n<\/ul>\n\n\n\n<p>Conselhos :<\/p>\n\n\n\n<ul class=\"wp-block-list\">\n<li>Consultor financeiro da empresa: goetzpartners (Guillaume Piette, Antoine Leclere, Camille P\u00e9riss\u00e8re)<\/li>\n\n\n\n<li>Assist\u00eancia jur\u00eddica \u00e0s empresas: Cabinet Lamartine (Clyve Monfredo, Jessica Bianchi)<\/li>\n\n\n\n<li>Assist\u00eancia jur\u00eddica aos investidores: Latournerie Wolfrom (Christian Wolfrom, Justine Conrard),<\/li>\n\n\n\n<li>Assist\u00eancia jur\u00eddica ao SCR Proven\u00e7ale et Corse: SCP Bollet &amp; Associ\u00e9s (Denis Periano, Jean-BaptisteDeprez)<\/li>\n\n\n\n<li>Revis\u00e3o jur\u00eddica: Latournerie Wolfrom (Christian Wolfrom, Justine Conrard, Marie-H\u00e9l\u00e8ne Tonnellier, Etienne Guillou, Sarah-Jane Mirou, Claire Decoux Laroudie e Sophie Koenig)<\/li>\n\n\n\n<li>An\u00e1lise financeira: ACA Nexia (Laurent Cazebonne, Samy Chiffour)<\/li>\n<\/ul>\n\n\n\n<h2 class=\"wp-block-heading\">Sobre a Optimum :<\/h2>\n\n\n\n<p>A Optimum \u00e9 uma empresa Pass French Tech com acredita\u00e7\u00e3o Bpi Excellence. A empresa tem quase 70 funcion\u00e1rios. Com mais de 14 anos de experi\u00eancia no mercado dos ve\u00edculos conectados, concebe, desenvolve e comercializa solu\u00e7\u00f5es inovadoras. Estas solu\u00e7\u00f5es destinam-se \u00e0s empresas e \u00e0s colectividades locais com frotas de ve\u00edculos. Destinam-se igualmente aos intervenientes do sector autom\u00f3vel, como as empresas de leasing, os distribuidores e as seguradoras. Presente em Fran\u00e7a e no estrangeiro, a Optimum gere mais de 80.000 ve\u00edculos equipados. Estes ve\u00edculos pertencem a uma carteira de mais de 4.000 clientes profissionais.<\/p>\n\n\n\n<p><br>https:\/\/bu.optimum-automotive.com<\/p>\n\n\n\n<p><strong>Contactos de imprensa :<\/strong><br><br>Comunica\u00e7\u00f5es: Franck Gaultier \/ f.gaultier@optimum-automotive.com \/ 07 88 68 49 22<br><br>Ag\u00eancia de imprensa: Astrid Sergeant \/ asergeant@agence-sergeantpaper.fr \/ 07 77 70 71 73<\/p>\n\n\n\n<p><strong>Sobre Demeter <\/strong><br><br>A Demeter (www.demeter-im.com) \u00e9 um dos principais actores europeus no dom\u00ednio do capital privado para a transi\u00e7\u00e3o energ\u00e9tica e ecol\u00f3gica. Os seus fundos investem entre 1 milh\u00e3o de euros e 30 milh\u00f5es de euros para apoiar empresas do sector. Apoiam empresas inovadoras em fase de arranque, PME e PME de r\u00e1pido crescimento, bem como projectos de infra-estruturas.<\/p>\n\n\n\n<p>A Demeter tem uma equipa de 35 pessoas baseadas em Paris, Grenoble, Metz, Madrid e Munster. A Demeter gere uma carteira de 1 000 milh\u00f5es de euros e efectuou 130 investimentos desde 2005. O Paris Green Fund \u00e9 um fundo de capital de crescimento com um impacto territorial. Foi criado por iniciativa da cidade de Paris. O seu objetivo \u00e9 acelerar a transi\u00e7\u00e3o energ\u00e9tica e ecol\u00f3gica das grandes cidades.<\/p>\n\n\n\n<p>Contacto para a imprensa: Lionel Cormier, s\u00f3cio-gerente \/ lionel.cormier@demeter-im.com \/ 01 43 12 53 40<\/p>\n\n\n\n<p><strong>Sobre a Amundi Private Equity Funds <\/strong><br><br>Com 7,5 mil milh\u00f5es de euros de activos sob gest\u00e3o (a 30 de junho de 2019), a Amundi Private Equity Funds oferece aos seus clientes de retalho e institucionais uma vasta gama de produtos adaptados \u00e0s suas necessidades. Os clientes podem investir em dois tipos de produtos: fundos diretos dedicados \u00e0 aquisi\u00e7\u00e3o de participa\u00e7\u00f5es diretas em empresas n\u00e3o cotadas (nas fases de desenvolvimento e transmiss\u00e3o) e fundos de fundos dedicados ao investimento em fundos de private equity, d\u00edvida privada e infraestruturas.<\/p>\n\n\n\n<p>Para mais informa\u00e7\u00f5es: www.amundi-pef.com<\/p>\n\n\n\n<p><strong>Sobre a Amundi<\/strong><br><br>A Amundi \u00e9 a primeira gestora de activos da Europa em termos de activos sob gest\u00e3o e est\u00e1 entre as 10 primeiras a n\u00edvel mundial. O Grupo gere 1.563 mil milh\u00f5es de euros e disp\u00f5e de seis plataformas de gest\u00e3o principais. A Amundi oferece aos seus clientes na Europa, na \u00c1sia-Pac\u00edfico, no M\u00e9dio Oriente e nas Am\u00e9ricas uma vasta gama de compet\u00eancias e solu\u00e7\u00f5es de investimento em gest\u00e3o ativa e passiva, bem como em activos reais e alternativos. Os clientes da Amundi tamb\u00e9m t\u00eam acesso a uma gama completa de ferramentas e servi\u00e7os. Com sede em Paris, a Amundi est\u00e1 cotada na bolsa desde novembro de 2015.<\/p>\n\n\n\n<p>Gra\u00e7as \u00e0s suas capacidades \u00fanicas de pesquisa e ao talento de cerca de 4.500 colaboradores e especialistas de mercado baseados em 37 pa\u00edses, a Amundi oferece aos clientes de retalho, institucionais e empresariais solu\u00e7\u00f5es inovadoras de poupan\u00e7a e investimento para responder \u00e0s suas necessidades espec\u00edficas, objectivos de retorno e perfis de risco.<\/p>\n\n\n\n<p><strong>Amundi. A confian\u00e7a tem de ser conquistada.<\/strong><br><br>Visite www.amundi.com para mais informa\u00e7\u00f5es ou para encontrar uma equipa Amundi perto de si.<br><strong>Contacto para a imprensa: <\/strong> Geetha Chandrasegaram - Tel: +33 1 76 37 02 73 - Geetha.chandrasegaram@amundi.com<\/p>\n\n\n\n<p><strong>Sobre a R\u00e9gion Sud Investissement<\/strong><br><br>O R\u00e9gion Sud Investissement \u00e9 o fundo de co-investimento regional criado em 2010 pela Regi\u00e3o Sud Provence Alpes C\u00f4te d'Azur para apoiar o aparecimento e o desenvolvimento de empresas regionais em crescimento. Este SAS de 80 milh\u00f5es de euros recebeu 50% do seu capital da Uni\u00e3o Europeia atrav\u00e9s do fundo FEDER. Desde julho de 2011, o fundo, que \u00e9 aconselhado pelo Grupo Turenne na gest\u00e3o dos seus investimentos, j\u00e1 investiu em 87 empresas regionais num total de 42,9 milh\u00f5es de euros.<\/p>\n\n\n\n<p>Para mais informa\u00e7\u00f5es: www.regionsudinvestissement.com<\/p>\n\n\n\n<p><strong>Sobre o Grupo Turenne<\/strong><br><br>O Grupo Turenne, que aconselha a R\u00e9gion Sud Investissement na gest\u00e3o das suas participa\u00e7\u00f5es, \u00e9 uma das principais empresas de capital privado em Fran\u00e7a e ajuda os empres\u00e1rios nos seus projetos de inova\u00e7\u00e3o e desenvolvimento e na transfer\u00eancia das suas empresas h\u00e1 20 anos. Sociedade de gest\u00e3o independente aprovada pela AMF e propriedade dos seus trabalhadores, o Grupo Turenne tinha mais de mil milh\u00f5es de euros sob gest\u00e3o em 30 de junho de 2019. As suas equipas de 61 profissionais, incluindo 46 investidores, sediadas em Paris, Marselha, Lille (Nord Capital, em parceria com o Cr\u00e9dit Agricole Nord de France), Lyon e Metz, apoiam mais de 250 empres\u00e1rios nos setores da sa\u00fade, hotelaria, novas tecnologias, retalho e servi\u00e7os inovadores.<\/p>\n\n\n\n<p>Para mais informa\u00e7\u00f5es: www.turennecapital.com<\/p>","protected":false},"excerpt":{"rendered":"<p>OPTIMUM LEVE 14 M\u20ac AUPRES DE PARIS FONDS VERT, D\u2019AMUNDI PRIVATE EQUITY FUNDS ET DES ACTIONNAIRES FINANCIERS HISTORIQUES : REGION SUD INVESTISSEMENT, A+ FINANCE ET SCR PROVENCALE ET CORSE (BANQUE POPULAIRE MEDITERRANEE) OPTIMUM est un acteur incontestable en Optimisation de flotte gr\u00e2ce au traitement intelligent des donn\u00e9es connect\u00e9es. Il annonce ce jour avoir proc\u00e9d\u00e9 \u00e0 [&hellip;]<\/p>","protected":false},"author":1,"featured_media":1764,"comment_status":"closed","ping_status":"open","sticky":false,"template":"","format":"standard","meta":{"_coblocks_attr":"","_coblocks_dimensions":"","_coblocks_responsive_height":"","_coblocks_accordion_ie_support":"","_uag_custom_page_level_css":"","footnotes":""},"categories":[4],"tags":[],"class_list":["post-695","post","type-post","status-publish","format-standard","has-post-thumbnail","hentry","category-actualites"],"uagb_featured_image_src":{"full":["https:\/\/bu.optimum-automotive.com\/wp-content\/uploads\/2024\/06\/01-2.jpg",431,252,false],"thumbnail":["https:\/\/bu.optimum-automotive.com\/wp-content\/uploads\/2024\/06\/01-2-150x150.jpg",150,150,true],"medium":["https:\/\/bu.optimum-automotive.com\/wp-content\/uploads\/2024\/06\/01-2-300x175.jpg",300,175,true],"medium_large":["https:\/\/bu.optimum-automotive.com\/wp-content\/uploads\/2024\/06\/01-2.jpg",431,252,false],"large":["https:\/\/bu.optimum-automotive.com\/wp-content\/uploads\/2024\/06\/01-2.jpg",431,252,false],"1536x1536":["https:\/\/bu.optimum-automotive.com\/wp-content\/uploads\/2024\/06\/01-2.jpg",431,252,false],"2048x2048":["https:\/\/bu.optimum-automotive.com\/wp-content\/uploads\/2024\/06\/01-2.jpg",431,252,false],"trp-custom-language-flag":["https:\/\/bu.optimum-automotive.com\/wp-content\/uploads\/2024\/06\/01-2.jpg",18,12,false]},"uagb_author_info":{"display_name":"camaleon","author_link":"https:\/\/bu.optimum-automotive.com\/pt\/author\/camaleon\/"},"uagb_comment_info":0,"uagb_excerpt":"OPTIMUM LEVE 14 M\u20ac AUPRES DE PARIS FONDS VERT, D\u2019AMUNDI PRIVATE EQUITY FUNDS ET DES ACTIONNAIRES FINANCIERS HISTORIQUES : REGION SUD INVESTISSEMENT, A+ FINANCE ET SCR PROVENCALE ET CORSE (BANQUE POPULAIRE MEDITERRANEE) OPTIMUM est un acteur incontestable en Optimisation de flotte gr\u00e2ce au traitement intelligent des donn\u00e9es connect\u00e9es. Il annonce ce jour avoir proc\u00e9d\u00e9 \u00e0&hellip;","_links":{"self":[{"href":"https:\/\/bu.optimum-automotive.com\/pt\/wp-json\/wp\/v2\/posts\/695","targetHints":{"allow":["GET"]}}],"collection":[{"href":"https:\/\/bu.optimum-automotive.com\/pt\/wp-json\/wp\/v2\/posts"}],"about":[{"href":"https:\/\/bu.optimum-automotive.com\/pt\/wp-json\/wp\/v2\/types\/post"}],"author":[{"embeddable":true,"href":"https:\/\/bu.optimum-automotive.com\/pt\/wp-json\/wp\/v2\/users\/1"}],"replies":[{"embeddable":true,"href":"https:\/\/bu.optimum-automotive.com\/pt\/wp-json\/wp\/v2\/comments?post=695"}],"version-history":[{"count":3,"href":"https:\/\/bu.optimum-automotive.com\/pt\/wp-json\/wp\/v2\/posts\/695\/revisions"}],"predecessor-version":[{"id":5462,"href":"https:\/\/bu.optimum-automotive.com\/pt\/wp-json\/wp\/v2\/posts\/695\/revisions\/5462"}],"wp:featuredmedia":[{"embeddable":true,"href":"https:\/\/bu.optimum-automotive.com\/pt\/wp-json\/wp\/v2\/media\/1764"}],"wp:attachment":[{"href":"https:\/\/bu.optimum-automotive.com\/pt\/wp-json\/wp\/v2\/media?parent=695"}],"wp:term":[{"taxonomy":"category","embeddable":true,"href":"https:\/\/bu.optimum-automotive.com\/pt\/wp-json\/wp\/v2\/categories?post=695"},{"taxonomy":"post_tag","embeddable":true,"href":"https:\/\/bu.optimum-automotive.com\/pt\/wp-json\/wp\/v2\/tags?post=695"}],"curies":[{"name":"wp","href":"https:\/\/api.w.org\/{rel}","templated":true}]}}