{"id":917,"date":"2021-09-06T09:32:43","date_gmt":"2021-09-06T07:32:43","guid":{"rendered":"http:\/\/127.0.0.1\/GAimport\/2021\/09\/06\/sera-present-sur-flotauto-2021\/"},"modified":"2025-01-21T16:35:34","modified_gmt":"2025-01-21T15:35:34","slug":"sera-present-sur-flotauto-2021","status":"publish","type":"post","link":"https:\/\/bu.optimum-automotive.com\/pt\/estara-presente-na-flotauto-2021\/","title":{"rendered":"A OPTIMUM AUTOMOTIVE ESTAR\u00c1 PRESENTE NA FLOTAUTO 2021"},"content":{"rendered":"<div class=\"wp-block-image\">\n<figure class=\"aligncenter size-full\"><img loading=\"lazy\" decoding=\"async\" width=\"162\" height=\"83\" src=\"https:\/\/bu.optimum-automotive.com\/wp-content\/uploads\/2024\/06\/01-1.jpg\" alt=\"\" class=\"wp-image-1743\"\/><\/figure><\/div>\n\n\n<p><strong>Depois de 2 edi\u00e7\u00f5es canceladas por motivos de sa\u00fade, a Optimum Automotive vai estar presente no dia 10\/07\/21 no sal\u00e3o Flotauto.<\/strong><\/p>\n\n\n\n<p>Encontre-nos na nossa <strong> Stand H09-G10<\/strong> a partir das 8h30 para saber mais sobre as nossas solu\u00e7\u00f5es para otimizar o desempenho financeiro e ambiental das frotas de ve\u00edculos.<\/p>\n\n\n\n<p><strong>Tamb\u00e9m pode assistir \u00e0s nossas confer\u00eancias!<\/strong><\/p>\n\n\n\n<ul class=\"wp-block-list\">\n<li>Das 9h15 \u00e0s 10h:<br><br><strong>Como \u00e9 que o ve\u00edculo conectado pode facilitar a necess\u00e1ria transi\u00e7\u00e3o energ\u00e9tica?<\/strong><\/li>\n\n\n\n<li>Das 10h45 \u00e0s 11h30:<br><br><strong>TCO: como pode ser optimizado?<\/strong><\/li>\n<\/ul>\n\n\n\n<p>Para solicitar o seu cart\u00e3o de acesso, clique na liga\u00e7\u00e3o abaixo:<br><a href=\"https:\/\/rencontres.flotauto.com\/espace-visiteur\/connectez-vous\/creation-de-compte.htm\">https:\/\/rencontres.flotauto.com\/espace-visiteur\/connectez-vous\/creation-de-compte.htm<\/a><\/p>","protected":false},"excerpt":{"rendered":"<p>Ap\u00f3s 2 edi\u00e7\u00f5es canceladas por motivos de sa\u00fade, a Optimum Automotive estar\u00e1 presente no dia 07\/10\/21 no sal\u00e3o Flotauto. Junte-se a n\u00f3s no nosso stand H09-G10 a partir das 8h30 para descobrir as nossas solu\u00e7\u00f5es para a otimiza\u00e7\u00e3o financeira e ambiental das frotas de ve\u00edculos. Pode tamb\u00e9m assistir \u00e0s nossas confer\u00eancias! Para solicitar o seu cart\u00e3o de acesso, clique no link abaixo: https:\/\/rencontres.flotauto.com\/espace-visiteur\/connectez-vous\/creation-de-compte.htm<\/p>","protected":false},"author":1,"featured_media":1736,"comment_status":"closed","ping_status":"open","sticky":false,"template":"","format":"standard","meta":{"_coblocks_attr":"","_coblocks_dimensions":"","_coblocks_responsive_height":"","_coblocks_accordion_ie_support":"","_uag_custom_page_level_css":"","footnotes":""},"categories":[4],"tags":[],"class_list":["post-917","post","type-post","status-publish","format-standard","has-post-thumbnail","hentry","category-actualites"],"uagb_featured_image_src":{"full":["https:\/\/bu.optimum-automotive.com\/wp-content\/uploads\/2021\/09\/01.jpg",431,252,false],"thumbnail":["https:\/\/bu.optimum-automotive.com\/wp-content\/uploads\/2021\/09\/01-150x150.jpg",150,150,true],"medium":["https:\/\/bu.optimum-automotive.com\/wp-content\/uploads\/2021\/09\/01-300x175.jpg",300,175,true],"medium_large":["https:\/\/bu.optimum-automotive.com\/wp-content\/uploads\/2021\/09\/01.jpg",431,252,false],"large":["https:\/\/bu.optimum-automotive.com\/wp-content\/uploads\/2021\/09\/01.jpg",431,252,false],"1536x1536":["https:\/\/bu.optimum-automotive.com\/wp-content\/uploads\/2021\/09\/01.jpg",431,252,false],"2048x2048":["https:\/\/bu.optimum-automotive.com\/wp-content\/uploads\/2021\/09\/01.jpg",431,252,false],"trp-custom-language-flag":["https:\/\/bu.optimum-automotive.com\/wp-content\/uploads\/2021\/09\/01.jpg",18,12,false]},"uagb_author_info":{"display_name":"camaleon","author_link":"https:\/\/bu.optimum-automotive.com\/pt\/author\/camaleon\/"},"uagb_comment_info":0,"uagb_excerpt":"Apr\u00e8s 2 \u00e9ditions annul\u00e9es pour raisons sanitaires, Optimum Automotive sera pr\u00e9sent le 07\/10\/21 sur le salon Flotauto. Retrouvez-nous sur notre Stand H09-G10 d\u00e8s 8h30 pour d\u00e9couvrir nos solutions d\u2019optimisation financi\u00e8re et environnementale des flottes automobiles. Assistez \u00e9galement \u00e0 nos conf\u00e9rences ! Pour demander votre badge d\u2019acc\u00e8s, cliquez sur le lien ci-dessous :https:\/\/rencontres.flotauto.com\/espace-visiteur\/connectez-vous\/creation-de-compte.htm","_links":{"self":[{"href":"https:\/\/bu.optimum-automotive.com\/pt\/wp-json\/wp\/v2\/posts\/917","targetHints":{"allow":["GET"]}}],"collection":[{"href":"https:\/\/bu.optimum-automotive.com\/pt\/wp-json\/wp\/v2\/posts"}],"about":[{"href":"https:\/\/bu.optimum-automotive.com\/pt\/wp-json\/wp\/v2\/types\/post"}],"author":[{"embeddable":true,"href":"https:\/\/bu.optimum-automotive.com\/pt\/wp-json\/wp\/v2\/users\/1"}],"replies":[{"embeddable":true,"href":"https:\/\/bu.optimum-automotive.com\/pt\/wp-json\/wp\/v2\/comments?post=917"}],"version-history":[{"count":2,"href":"https:\/\/bu.optimum-automotive.com\/pt\/wp-json\/wp\/v2\/posts\/917\/revisions"}],"predecessor-version":[{"id":1744,"href":"https:\/\/bu.optimum-automotive.com\/pt\/wp-json\/wp\/v2\/posts\/917\/revisions\/1744"}],"wp:featuredmedia":[{"embeddable":true,"href":"https:\/\/bu.optimum-automotive.com\/pt\/wp-json\/wp\/v2\/media\/1736"}],"wp:attachment":[{"href":"https:\/\/bu.optimum-automotive.com\/pt\/wp-json\/wp\/v2\/media?parent=917"}],"wp:term":[{"taxonomy":"category","embeddable":true,"href":"https:\/\/bu.optimum-automotive.com\/pt\/wp-json\/wp\/v2\/categories?post=917"},{"taxonomy":"post_tag","embeddable":true,"href":"https:\/\/bu.optimum-automotive.com\/pt\/wp-json\/wp\/v2\/tags?post=917"}],"curies":[{"name":"wp","href":"https:\/\/api.w.org\/{rel}","templated":true}]}}